{"id":4234,"date":"2022-03-31T18:13:08","date_gmt":"2022-03-31T16:13:08","guid":{"rendered":"https:\/\/www.sacla.ch\/?p=4234"},"modified":"2022-04-07T14:51:16","modified_gmt":"2022-04-07T12:51:16","slug":"dernieres-nouvelles-de-sacla","status":"publish","type":"post","link":"https:\/\/www.sacla.ch\/fr\/dernieres-nouvelles-de-sacla\/","title":{"rendered":"Derni\u00e8res nouvelles de Sacl\u00e0!"},"content":{"rendered":"\t\t<div data-elementor-type=\"wp-post\" data-elementor-id=\"4234\" class=\"elementor elementor-4234 elementor-4205\" data-elementor-post-type=\"post\">\n\t\t\t\t\t\t<section class=\"elementor-section elementor-top-section elementor-element elementor-element-1487eb6 elementor-section-boxed elementor-section-height-default elementor-section-height-default\" data-id=\"1487eb6\" data-element_type=\"section\" data-e-type=\"section\">\n\t\t\t\t\t\t<div class=\"elementor-container elementor-column-gap-default\">\n\t\t\t\t\t<div class=\"elementor-column elementor-col-100 elementor-top-column elementor-element elementor-element-f5a1bdc\" data-id=\"f5a1bdc\" data-element_type=\"column\" data-e-type=\"column\">\n\t\t\t<div class=\"elementor-widget-wrap elementor-element-populated\">\n\t\t\t\t\t\t<div class=\"elementor-element elementor-element-cd7366e elementor-widget elementor-widget-text-editor\" data-id=\"cd7366e\" data-element_type=\"widget\" data-e-type=\"widget\" data-widget_type=\"text-editor.default\">\n\t\t\t\t<div class=\"elementor-widget-container\">\n\t\t\t\t\t\t\t\t\tTr\u00fcffel z\u00e4hlen zu den begehrtesten und kostbarsten Delikatessen, die unser Erdreich zu bieten hat. Der schwarze Sommertr\u00fcffel, der auch unter dem lateinischen Namen \u00abTuber Aestivum Vitt\u00bb bekannt ist, wird nur w\u00e4hrend der Sommermonate von speziell ausgebildeten Hunden aufgesp\u00fcrt.<br><br>\n\nDem Einsatz dieser wertvollen schwarzen Knollen sind in der italienischen K\u00fcche keinerlei Grenzen gesetzt. Sacl\u00e0 verzaubert den Schweizer Markt deshalb neu mit einem delikaten Tr\u00fcffelpesto, dem K\u00e4se, weiche Cashewn\u00fcsse und Pinienkerne hinzugef\u00fcgt wurden. Dieses Pesto verwandelt Durchschnittliches in Erstaunliches, Mittelm\u00e4ssiges in Wundervolles, Einfaches in etwas Besonderes.<br><br>\n\nEs passt perfekt zu Tagliatelle oder Fettuccine, empfiehlt sich jedoch auch als F\u00fcllung f\u00fcr Ravioli oder Agnolotti und als Grundlage f\u00fcr Canap\u00e9s.\t\t\t\t\t\t\t\t<\/div>\n\t\t\t\t<\/div>\n\t\t\t\t<div class=\"elementor-element elementor-element-7e80f12 elementor-widget elementor-widget-spacer\" data-id=\"7e80f12\" data-element_type=\"widget\" data-e-type=\"widget\" data-widget_type=\"spacer.default\">\n\t\t\t\t<div class=\"elementor-widget-container\">\n\t\t\t\t\t\t\t<div class=\"elementor-spacer\">\n\t\t\t<div class=\"elementor-spacer-inner\"><\/div>\n\t\t<\/div>\n\t\t\t\t\t\t<\/div>\n\t\t\t\t<\/div>\n\t\t\t\t<div class=\"elementor-element elementor-element-49a3be3 elementor-widget elementor-widget-button\" data-id=\"49a3be3\" data-element_type=\"widget\" data-e-type=\"widget\" data-widget_type=\"button.default\">\n\t\t\t\t<div class=\"elementor-widget-container\">\n\t\t\t\t\t\t\t\t\t<div class=\"elementor-button-wrapper\">\n\t\t\t\t\t<a class=\"elementor-button elementor-button-link elementor-size-sm\" href=\"https:\/\/www.sacla.ch\/fr\/produit-italien\/pesto-a-la-truffe-90g\/\">\n\t\t\t\t\t\t<span class=\"elementor-button-content-wrapper\">\n\t\t\t\t\t\t\t\t\t<span class=\"elementor-button-text\">Pesto \u00e0 la truffe<\/span>\n\t\t\t\t\t<\/span>\n\t\t\t\t\t<\/a>\n\t\t\t\t<\/div>\n\t\t\t\t\t\t\t\t<\/div>\n\t\t\t\t<\/div>\n\t\t\t\t\t<\/div>\n\t\t<\/div>\n\t\t\t\t\t<\/div>\n\t\t<\/section>\n\t\t\t\t<section class=\"elementor-section elementor-top-section elementor-element elementor-element-63490b1 elementor-hidden-desktop elementor-hidden-tablet elementor-hidden-phone elementor-section-boxed elementor-section-height-default elementor-section-height-default\" data-id=\"63490b1\" data-element_type=\"section\" data-e-type=\"section\">\n\t\t\t\t\t\t<div class=\"elementor-container elementor-column-gap-default\">\n\t\t\t\t\t<div class=\"elementor-column elementor-col-100 elementor-top-column elementor-element elementor-element-f4e357c\" data-id=\"f4e357c\" data-element_type=\"column\" data-e-type=\"column\">\n\t\t\t<div class=\"elementor-widget-wrap elementor-element-populated\">\n\t\t\t\t\t\t<div class=\"elementor-element elementor-element-ee00c39 elementor-widget elementor-widget-tp-blog-listout\" data-id=\"ee00c39\" data-element_type=\"widget\" data-e-type=\"widget\" data-widget_type=\"tp-blog-listout.default\">\n\t\t\t\t<div class=\"elementor-widget-container\">\n\t\t\t\t\t<div id=\"pt-plus-blog-post-list\" class=\"blog-list post69f2cf0da3bf2  list-isotope  blog-style-4 hover-image-style-1  \"  data-layout-type=\"fitRows\"   data-id=\"post69f2cf0da3bf2\" data-style=\"style-4\"   dir= data-enable-isotope=\"1\" ><div id=\"post69f2cf0da3bf2\" class=\"tp-row post-inner-loop post69f2cf0da3bf2   \"><div class=\"grid-item metro-item  tp-col-lg-3 tp-col-md-4 tp-col-sm-6 tp-col-6  \"><article id=\"post-4234\" class=\"post-4234 post type-post status-publish format-standard has-post-thumbnail category-news-fr\">\r\n\t<div class=\"blog-list-content\">\t\t\r\n\t\t<div class=\"post-content-bottom\">\r\n\t\t\t<a href=\"https:\/\/www.sacla.ch\/fr\/dernieres-nouvelles-de-sacla\/\" class=\"post-bg-image-content\"><div class=\"blog-bg-image-metro \" style=\"background:url(https:\/\/www.sacla.ch\/wp-content\/uploads\/2022\/03\/pesto.jpg) #f7f7f7;\"><\/div><\/a>\r\n\t\t\t<div class=\"post-metro-content\">\r\n\t\t\t\t\t\t\t\t<h3 class=\"post-title\">\r\n\t<a href=\"https:\/\/www.sacla.ch\/fr\/dernieres-nouvelles-de-sacla\/\" class=\"normal\">Derni\u00e8res nouvelles d<\/a>\r\n<\/h3>\r\n\t\t\t\t\t\t\t\t\t\t\t\t\t\t\t<\/div>\r\n\t\t<\/div>\t\r\n\t\t\t\r\n\t<\/div>\r\n<\/article>\r\n<\/div><\/div><\/div>\t\t\t\t<\/div>\n\t\t\t\t<\/div>\n\t\t\t\t\t<\/div>\n\t\t<\/div>\n\t\t\t\t\t<\/div>\n\t\t<\/section>\n\t\t\t\t<\/div>\n\t\t","protected":false},"excerpt":{"rendered":"<p>Tr\u00fcffel z\u00e4hlen zu den begehrtesten und kostbarsten Delikatessen, die unser Erdreich zu bieten hat. Der schwarze Sommertr\u00fcffel, der auch unter&#8230;<\/p>\n","protected":false},"author":1,"featured_media":4224,"comment_status":"closed","ping_status":"closed","sticky":false,"template":"","format":"standard","meta":{"_acf_changed":false,"inline_featured_image":false,"footnotes":""},"categories":[183],"tags":[],"class_list":{"0":"post-4234","1":"post","2":"type-post","3":"status-publish","4":"format-standard","5":"has-post-thumbnail","7":"category-news-fr"},"acf":[],"yoast_head":"<!-- This site is optimized with the Yoast SEO plugin v27.5 - https:\/\/yoast.com\/product\/yoast-seo-wordpress\/ -->\n<title>Derni\u00e8res nouvelles de Sacl\u00e0! - F.lli Sacl\u00e0 S.p.A.<\/title>\n<meta name=\"description\" content=\"Tr\u00fcffel z\u00e4hlen zu den begehrtesten und kostbarsten Delikatessen, die unser Erdreich zu bieten hat. Der schwarze Sommertr\u00fcffel, der auch unter dem\" \/>\n<meta name=\"robots\" content=\"index, follow, max-snippet:-1, max-image-preview:large, max-video-preview:-1\" \/>\n<link rel=\"canonical\" href=\"https:\/\/www.sacla.ch\/fr\/dernieres-nouvelles-de-sacla\/\" \/>\n<meta property=\"og:locale\" content=\"fr_FR\" \/>\n<meta property=\"og:type\" content=\"article\" \/>\n<meta property=\"og:title\" content=\"Derni\u00e8res nouvelles de Sacl\u00e0! - F.lli Sacl\u00e0 S.p.A.\" \/>\n<meta property=\"og:description\" content=\"Tr\u00fcffel z\u00e4hlen zu den begehrtesten und kostbarsten Delikatessen, die unser Erdreich zu bieten hat. Der schwarze Sommertr\u00fcffel, der auch unter dem\" \/>\n<meta property=\"og:url\" content=\"https:\/\/www.sacla.ch\/fr\/dernieres-nouvelles-de-sacla\/\" \/>\n<meta property=\"og:site_name\" content=\"F.lli Sacl\u00e0 S.p.A.\" \/>\n<meta property=\"article:published_time\" content=\"2022-03-31T16:13:08+00:00\" \/>\n<meta property=\"article:modified_time\" content=\"2022-04-07T12:51:16+00:00\" \/>\n<meta property=\"og:image\" content=\"https:\/\/www.sacla.ch\/wp-content\/uploads\/2022\/03\/pesto.jpg\" \/>\n\t<meta property=\"og:image:width\" content=\"1170\" \/>\n\t<meta property=\"og:image:height\" content=\"540\" \/>\n\t<meta property=\"og:image:type\" content=\"image\/jpeg\" \/>\n<meta name=\"author\" content=\"Jack\" \/>\n<meta name=\"twitter:card\" content=\"summary_large_image\" \/>\n<meta name=\"twitter:label1\" content=\"\u00c9crit par\" \/>\n\t<meta name=\"twitter:data1\" content=\"Jack\" \/>\n\t<meta name=\"twitter:label2\" content=\"Dur\u00e9e de lecture estim\u00e9e\" \/>\n\t<meta name=\"twitter:data2\" content=\"1 minute\" \/>\n<script type=\"application\/ld+json\" class=\"yoast-schema-graph\">{\"@context\":\"https:\\\/\\\/schema.org\",\"@graph\":[{\"@type\":\"Article\",\"@id\":\"https:\\\/\\\/www.sacla.ch\\\/fr\\\/dernieres-nouvelles-de-sacla\\\/#article\",\"isPartOf\":{\"@id\":\"https:\\\/\\\/www.sacla.ch\\\/fr\\\/dernieres-nouvelles-de-sacla\\\/\"},\"author\":{\"name\":\"Jack\",\"@id\":\"https:\\\/\\\/www.sacla.ch\\\/fr\\\/#\\\/schema\\\/person\\\/98d601956fc05fe0c1e8e39a285d20a5\"},\"headline\":\"Derni\u00e8res nouvelles de Sacl\u00e0!\",\"datePublished\":\"2022-03-31T16:13:08+00:00\",\"dateModified\":\"2022-04-07T12:51:16+00:00\",\"mainEntityOfPage\":{\"@id\":\"https:\\\/\\\/www.sacla.ch\\\/fr\\\/dernieres-nouvelles-de-sacla\\\/\"},\"wordCount\":134,\"publisher\":{\"@id\":\"https:\\\/\\\/www.sacla.ch\\\/fr\\\/#organization\"},\"image\":{\"@id\":\"https:\\\/\\\/www.sacla.ch\\\/fr\\\/dernieres-nouvelles-de-sacla\\\/#primaryimage\"},\"thumbnailUrl\":\"https:\\\/\\\/www.sacla.ch\\\/wp-content\\\/uploads\\\/2022\\\/03\\\/pesto.jpg\",\"articleSection\":[\"News\"],\"inLanguage\":\"fr-FR\"},{\"@type\":\"WebPage\",\"@id\":\"https:\\\/\\\/www.sacla.ch\\\/fr\\\/dernieres-nouvelles-de-sacla\\\/\",\"url\":\"https:\\\/\\\/www.sacla.ch\\\/fr\\\/dernieres-nouvelles-de-sacla\\\/\",\"name\":\"Derni\u00e8res nouvelles de Sacl\u00e0! - F.lli Sacl\u00e0 S.p.A.\",\"isPartOf\":{\"@id\":\"https:\\\/\\\/www.sacla.ch\\\/fr\\\/#website\"},\"primaryImageOfPage\":{\"@id\":\"https:\\\/\\\/www.sacla.ch\\\/fr\\\/dernieres-nouvelles-de-sacla\\\/#primaryimage\"},\"image\":{\"@id\":\"https:\\\/\\\/www.sacla.ch\\\/fr\\\/dernieres-nouvelles-de-sacla\\\/#primaryimage\"},\"thumbnailUrl\":\"https:\\\/\\\/www.sacla.ch\\\/wp-content\\\/uploads\\\/2022\\\/03\\\/pesto.jpg\",\"datePublished\":\"2022-03-31T16:13:08+00:00\",\"dateModified\":\"2022-04-07T12:51:16+00:00\",\"description\":\"Tr\u00fcffel z\u00e4hlen zu den begehrtesten und kostbarsten Delikatessen, die unser Erdreich zu bieten hat. Der schwarze Sommertr\u00fcffel, der auch unter dem\",\"breadcrumb\":{\"@id\":\"https:\\\/\\\/www.sacla.ch\\\/fr\\\/dernieres-nouvelles-de-sacla\\\/#breadcrumb\"},\"inLanguage\":\"fr-FR\",\"potentialAction\":[{\"@type\":\"ReadAction\",\"target\":[\"https:\\\/\\\/www.sacla.ch\\\/fr\\\/dernieres-nouvelles-de-sacla\\\/\"]}]},{\"@type\":\"ImageObject\",\"inLanguage\":\"fr-FR\",\"@id\":\"https:\\\/\\\/www.sacla.ch\\\/fr\\\/dernieres-nouvelles-de-sacla\\\/#primaryimage\",\"url\":\"https:\\\/\\\/www.sacla.ch\\\/wp-content\\\/uploads\\\/2022\\\/03\\\/pesto.jpg\",\"contentUrl\":\"https:\\\/\\\/www.sacla.ch\\\/wp-content\\\/uploads\\\/2022\\\/03\\\/pesto.jpg\",\"width\":1170,\"height\":540},{\"@type\":\"BreadcrumbList\",\"@id\":\"https:\\\/\\\/www.sacla.ch\\\/fr\\\/dernieres-nouvelles-de-sacla\\\/#breadcrumb\",\"itemListElement\":[{\"@type\":\"ListItem\",\"position\":1,\"name\":\"Home\",\"item\":\"https:\\\/\\\/www.sacla.ch\\\/fr\\\/\"},{\"@type\":\"ListItem\",\"position\":2,\"name\":\"Derni\u00e8res nouvelles de Sacl\u00e0!\"}]},{\"@type\":\"WebSite\",\"@id\":\"https:\\\/\\\/www.sacla.ch\\\/fr\\\/#website\",\"url\":\"https:\\\/\\\/www.sacla.ch\\\/fr\\\/\",\"name\":\"F.lli Sacl\u00e0 S.p.A.\",\"description\":\"Italian Fine Food\",\"publisher\":{\"@id\":\"https:\\\/\\\/www.sacla.ch\\\/fr\\\/#organization\"},\"potentialAction\":[{\"@type\":\"SearchAction\",\"target\":{\"@type\":\"EntryPoint\",\"urlTemplate\":\"https:\\\/\\\/www.sacla.ch\\\/fr\\\/?s={search_term_string}\"},\"query-input\":{\"@type\":\"PropertyValueSpecification\",\"valueRequired\":true,\"valueName\":\"search_term_string\"}}],\"inLanguage\":\"fr-FR\"},{\"@type\":\"Organization\",\"@id\":\"https:\\\/\\\/www.sacla.ch\\\/fr\\\/#organization\",\"name\":\"F.lli Sacl\u00e0 S.p.A.\",\"url\":\"https:\\\/\\\/www.sacla.ch\\\/fr\\\/\",\"logo\":{\"@type\":\"ImageObject\",\"inLanguage\":\"fr-FR\",\"@id\":\"https:\\\/\\\/www.sacla.ch\\\/fr\\\/#\\\/schema\\\/logo\\\/image\\\/\",\"url\":\"https:\\\/\\\/www.sacla.ch\\\/wp-content\\\/uploads\\\/2021\\\/03\\\/logo-sacla-300.png\",\"contentUrl\":\"https:\\\/\\\/www.sacla.ch\\\/wp-content\\\/uploads\\\/2021\\\/03\\\/logo-sacla-300.png\",\"width\":300,\"height\":185,\"caption\":\"F.lli Sacl\u00e0 S.p.A.\"},\"image\":{\"@id\":\"https:\\\/\\\/www.sacla.ch\\\/fr\\\/#\\\/schema\\\/logo\\\/image\\\/\"}},{\"@type\":\"Person\",\"@id\":\"https:\\\/\\\/www.sacla.ch\\\/fr\\\/#\\\/schema\\\/person\\\/98d601956fc05fe0c1e8e39a285d20a5\",\"name\":\"Jack\",\"image\":{\"@type\":\"ImageObject\",\"inLanguage\":\"fr-FR\",\"@id\":\"https:\\\/\\\/secure.gravatar.com\\\/avatar\\\/86f45a2c33bffb105941796a7b1e394e4926bc27d3f07187b6e31a40a45730c6?s=96&d=mm&r=g\",\"url\":\"https:\\\/\\\/secure.gravatar.com\\\/avatar\\\/86f45a2c33bffb105941796a7b1e394e4926bc27d3f07187b6e31a40a45730c6?s=96&d=mm&r=g\",\"contentUrl\":\"https:\\\/\\\/secure.gravatar.com\\\/avatar\\\/86f45a2c33bffb105941796a7b1e394e4926bc27d3f07187b6e31a40a45730c6?s=96&d=mm&r=g\",\"caption\":\"Jack\"},\"sameAs\":[\"https:\\\/\\\/www.sacla.ch\"]}]}<\/script>\n<!-- \/ Yoast SEO plugin. -->","yoast_head_json":{"title":"Derni\u00e8res nouvelles de Sacl\u00e0! - F.lli Sacl\u00e0 S.p.A.","description":"Tr\u00fcffel z\u00e4hlen zu den begehrtesten und kostbarsten Delikatessen, die unser Erdreich zu bieten hat. Der schwarze Sommertr\u00fcffel, der auch unter dem","robots":{"index":"index","follow":"follow","max-snippet":"max-snippet:-1","max-image-preview":"max-image-preview:large","max-video-preview":"max-video-preview:-1"},"canonical":"https:\/\/www.sacla.ch\/fr\/dernieres-nouvelles-de-sacla\/","og_locale":"fr_FR","og_type":"article","og_title":"Derni\u00e8res nouvelles de Sacl\u00e0! - F.lli Sacl\u00e0 S.p.A.","og_description":"Tr\u00fcffel z\u00e4hlen zu den begehrtesten und kostbarsten Delikatessen, die unser Erdreich zu bieten hat. Der schwarze Sommertr\u00fcffel, der auch unter dem","og_url":"https:\/\/www.sacla.ch\/fr\/dernieres-nouvelles-de-sacla\/","og_site_name":"F.lli Sacl\u00e0 S.p.A.","article_published_time":"2022-03-31T16:13:08+00:00","article_modified_time":"2022-04-07T12:51:16+00:00","og_image":[{"width":1170,"height":540,"url":"https:\/\/www.sacla.ch\/wp-content\/uploads\/2022\/03\/pesto.jpg","type":"image\/jpeg"}],"author":"Jack","twitter_card":"summary_large_image","twitter_misc":{"\u00c9crit par":"Jack","Dur\u00e9e de lecture estim\u00e9e":"1 minute"},"schema":{"@context":"https:\/\/schema.org","@graph":[{"@type":"Article","@id":"https:\/\/www.sacla.ch\/fr\/dernieres-nouvelles-de-sacla\/#article","isPartOf":{"@id":"https:\/\/www.sacla.ch\/fr\/dernieres-nouvelles-de-sacla\/"},"author":{"name":"Jack","@id":"https:\/\/www.sacla.ch\/fr\/#\/schema\/person\/98d601956fc05fe0c1e8e39a285d20a5"},"headline":"Derni\u00e8res nouvelles de Sacl\u00e0!","datePublished":"2022-03-31T16:13:08+00:00","dateModified":"2022-04-07T12:51:16+00:00","mainEntityOfPage":{"@id":"https:\/\/www.sacla.ch\/fr\/dernieres-nouvelles-de-sacla\/"},"wordCount":134,"publisher":{"@id":"https:\/\/www.sacla.ch\/fr\/#organization"},"image":{"@id":"https:\/\/www.sacla.ch\/fr\/dernieres-nouvelles-de-sacla\/#primaryimage"},"thumbnailUrl":"https:\/\/www.sacla.ch\/wp-content\/uploads\/2022\/03\/pesto.jpg","articleSection":["News"],"inLanguage":"fr-FR"},{"@type":"WebPage","@id":"https:\/\/www.sacla.ch\/fr\/dernieres-nouvelles-de-sacla\/","url":"https:\/\/www.sacla.ch\/fr\/dernieres-nouvelles-de-sacla\/","name":"Derni\u00e8res nouvelles de Sacl\u00e0! - F.lli Sacl\u00e0 S.p.A.","isPartOf":{"@id":"https:\/\/www.sacla.ch\/fr\/#website"},"primaryImageOfPage":{"@id":"https:\/\/www.sacla.ch\/fr\/dernieres-nouvelles-de-sacla\/#primaryimage"},"image":{"@id":"https:\/\/www.sacla.ch\/fr\/dernieres-nouvelles-de-sacla\/#primaryimage"},"thumbnailUrl":"https:\/\/www.sacla.ch\/wp-content\/uploads\/2022\/03\/pesto.jpg","datePublished":"2022-03-31T16:13:08+00:00","dateModified":"2022-04-07T12:51:16+00:00","description":"Tr\u00fcffel z\u00e4hlen zu den begehrtesten und kostbarsten Delikatessen, die unser Erdreich zu bieten hat. Der schwarze Sommertr\u00fcffel, der auch unter dem","breadcrumb":{"@id":"https:\/\/www.sacla.ch\/fr\/dernieres-nouvelles-de-sacla\/#breadcrumb"},"inLanguage":"fr-FR","potentialAction":[{"@type":"ReadAction","target":["https:\/\/www.sacla.ch\/fr\/dernieres-nouvelles-de-sacla\/"]}]},{"@type":"ImageObject","inLanguage":"fr-FR","@id":"https:\/\/www.sacla.ch\/fr\/dernieres-nouvelles-de-sacla\/#primaryimage","url":"https:\/\/www.sacla.ch\/wp-content\/uploads\/2022\/03\/pesto.jpg","contentUrl":"https:\/\/www.sacla.ch\/wp-content\/uploads\/2022\/03\/pesto.jpg","width":1170,"height":540},{"@type":"BreadcrumbList","@id":"https:\/\/www.sacla.ch\/fr\/dernieres-nouvelles-de-sacla\/#breadcrumb","itemListElement":[{"@type":"ListItem","position":1,"name":"Home","item":"https:\/\/www.sacla.ch\/fr\/"},{"@type":"ListItem","position":2,"name":"Derni\u00e8res nouvelles de Sacl\u00e0!"}]},{"@type":"WebSite","@id":"https:\/\/www.sacla.ch\/fr\/#website","url":"https:\/\/www.sacla.ch\/fr\/","name":"F.lli Sacl\u00e0 S.p.A.","description":"Italian Fine Food","publisher":{"@id":"https:\/\/www.sacla.ch\/fr\/#organization"},"potentialAction":[{"@type":"SearchAction","target":{"@type":"EntryPoint","urlTemplate":"https:\/\/www.sacla.ch\/fr\/?s={search_term_string}"},"query-input":{"@type":"PropertyValueSpecification","valueRequired":true,"valueName":"search_term_string"}}],"inLanguage":"fr-FR"},{"@type":"Organization","@id":"https:\/\/www.sacla.ch\/fr\/#organization","name":"F.lli Sacl\u00e0 S.p.A.","url":"https:\/\/www.sacla.ch\/fr\/","logo":{"@type":"ImageObject","inLanguage":"fr-FR","@id":"https:\/\/www.sacla.ch\/fr\/#\/schema\/logo\/image\/","url":"https:\/\/www.sacla.ch\/wp-content\/uploads\/2021\/03\/logo-sacla-300.png","contentUrl":"https:\/\/www.sacla.ch\/wp-content\/uploads\/2021\/03\/logo-sacla-300.png","width":300,"height":185,"caption":"F.lli Sacl\u00e0 S.p.A."},"image":{"@id":"https:\/\/www.sacla.ch\/fr\/#\/schema\/logo\/image\/"}},{"@type":"Person","@id":"https:\/\/www.sacla.ch\/fr\/#\/schema\/person\/98d601956fc05fe0c1e8e39a285d20a5","name":"Jack","image":{"@type":"ImageObject","inLanguage":"fr-FR","@id":"https:\/\/secure.gravatar.com\/avatar\/86f45a2c33bffb105941796a7b1e394e4926bc27d3f07187b6e31a40a45730c6?s=96&d=mm&r=g","url":"https:\/\/secure.gravatar.com\/avatar\/86f45a2c33bffb105941796a7b1e394e4926bc27d3f07187b6e31a40a45730c6?s=96&d=mm&r=g","contentUrl":"https:\/\/secure.gravatar.com\/avatar\/86f45a2c33bffb105941796a7b1e394e4926bc27d3f07187b6e31a40a45730c6?s=96&d=mm&r=g","caption":"Jack"},"sameAs":["https:\/\/www.sacla.ch"]}]}},"menu_order":0,"_links":{"self":[{"href":"https:\/\/www.sacla.ch\/fr\/wp-json\/wp\/v2\/posts\/4234","targetHints":{"allow":["GET"]}}],"collection":[{"href":"https:\/\/www.sacla.ch\/fr\/wp-json\/wp\/v2\/posts"}],"about":[{"href":"https:\/\/www.sacla.ch\/fr\/wp-json\/wp\/v2\/types\/post"}],"author":[{"embeddable":true,"href":"https:\/\/www.sacla.ch\/fr\/wp-json\/wp\/v2\/users\/1"}],"replies":[{"embeddable":true,"href":"https:\/\/www.sacla.ch\/fr\/wp-json\/wp\/v2\/comments?post=4234"}],"version-history":[{"count":5,"href":"https:\/\/www.sacla.ch\/fr\/wp-json\/wp\/v2\/posts\/4234\/revisions"}],"predecessor-version":[{"id":4249,"href":"https:\/\/www.sacla.ch\/fr\/wp-json\/wp\/v2\/posts\/4234\/revisions\/4249"}],"wp:featuredmedia":[{"embeddable":true,"href":"https:\/\/www.sacla.ch\/fr\/wp-json\/wp\/v2\/media\/4224"}],"wp:attachment":[{"href":"https:\/\/www.sacla.ch\/fr\/wp-json\/wp\/v2\/media?parent=4234"}],"wp:term":[{"taxonomy":"category","embeddable":true,"href":"https:\/\/www.sacla.ch\/fr\/wp-json\/wp\/v2\/categories?post=4234"},{"taxonomy":"post_tag","embeddable":true,"href":"https:\/\/www.sacla.ch\/fr\/wp-json\/wp\/v2\/tags?post=4234"}],"curies":[{"name":"wp","href":"https:\/\/api.w.org\/{rel}","templated":true}]}}